{"id":20836,"date":"2026-05-01T02:01:19","date_gmt":"2026-05-01T02:01:19","guid":{"rendered":"https:\/\/jetvina.com\/?p=20836"},"modified":"2026-05-01T02:01:19","modified_gmt":"2026-05-01T02:01:19","slug":"f1-imola-grand-prix-2026-hanh-trinh-den-y-cung-chuyen-co-rieng-jetvina","status":"publish","type":"post","link":"https:\/\/jetvina.com\/vi\/f1-imola-grand-prix-2026-hanh-trinh-den-y-cung-chuyen-co-rieng-jetvina\/","title":{"rendered":"F1 IMOLA GRAND PRIX 2026: H\u00c0NH TR\u00ccNH \u0110\u1ebeN \u00dd C\u00d9NG CHUY\u00caN C\u01a0 RI\u00caNG JETVINA"},"content":{"rendered":"<p><span style=\"font-weight: 400\">Gi\u1ea3i \u0111ua xe c\u00f4ng th\u1ee9c 1 <\/span><b>Imola Grand Prix<\/b><span style=\"font-weight: 400\"> (hay c\u00f2n g\u1ecdi l\u00e0 Emilia-Romagna Grand Prix) l\u00e0 m\u1ed9t trong nh\u1eefng ch\u1eb7ng \u0111ua mang t\u00ednh bi\u1ec3u t\u01b0\u1ee3ng nh\u1ea5t trong l\u1ecbch s\u1eed F1. Di\u1ec5n ra t\u1ea1i \u0111\u01b0\u1eddng \u0111ua huy\u1ec1n tho\u1ea1i Autodromo Enzo e Dino Ferrari, \u0111\u00e2y kh\u00f4ng ch\u1ec9 l\u00e0 m\u1ed9t cu\u1ed9c \u0111ua t\u1ed1c \u0111\u1ed9 m\u00e0 c\u00f2n l\u00e0 ng\u00e0y h\u1ed9i c\u1ee7a v\u0103n h\u00f3a, di s\u1ea3n v\u00e0 ni\u1ec1m \u0111am m\u00ea m\u00e3nh li\u1ec7t c\u1ee7a c\u00e1c t\u00edn \u0111\u1ed3 t\u1ed1c \u0111\u1ed9 t\u1ea1i n\u01b0\u1edbc \u00dd.<\/span><\/p>\n<p>&nbsp;<\/p>\n<figure style=\"width: 3340px\" class=\"wp-caption aligncenter\"><img fetchpriority=\"high\" decoding=\"async\" src=\"https:\/\/cloudfront-us-east-2.images.arcpublishing.com\/reuters\/EOHBIOVVINKQ3ANC74X6ANKD5M.jpg\" alt=\"Imola axed from 2026 F1 calendar, two races in Spain | Reuters\" width=\"3340\" height=\"1906\" \/><figcaption class=\"wp-caption-text\">F1 IMOLA GRAND PRIX 2026<\/figcaption><\/figure>\n<p>&nbsp;<\/p>\n<h3><b>1. Th\u00f4ng Tin S\u1ef1 Ki\u1ec7n<\/b><\/h3>\n<ul>\n<li style=\"font-weight: 400\"><b>Th\u1eddi gian:<\/b><span style=\"font-weight: 400\"> T\u1eeb ng\u00e0y 16\/05\/2026 \u0111\u1ebfn ng\u00e0y 18\/05\/2026.<\/span><\/li>\n<li style=\"font-weight: 400\"><b>\u0110\u1ecba \u0111i\u1ec3m:<\/b><span style=\"font-weight: 400\"> Autodromo Enzo e Dino Ferrari, Imola, v\u00f9ng Emilia-Romagna, \u00dd.<\/span><\/li>\n<li style=\"font-weight: 400\"><b>\u0110\u1eb7c tr\u01b0ng:<\/b><span style=\"font-weight: 400\"> \u0110\u01b0\u1eddng \u0111ua Imola n\u1ed5i ti\u1ebfng v\u1edbi c\u1ea5u tr\u00fac k\u1ef9 thu\u1eadt ph\u1ee9c t\u1ea1p, nh\u1eefng kh\u00fac cua huy\u1ec1n tho\u1ea1i v\u00e0 kh\u00f4ng kh\u00ed cu\u1ed3ng nhi\u1ec7t t\u1eeb c\u00e1c &#8220;Tifosi&#8221; \u2013 nh\u1eefng ng\u01b0\u1eddi h\u00e2m m\u1ed9 trung th\u00e0nh c\u1ee7a \u0111\u1ed9i \u0111ua Ferrari ngay tr\u00ean s\u00e2n nh\u00e0 c\u1ee7a h\u1ecd.<\/span><\/li>\n<\/ul>\n<h3><b>2. H\u00e0nh Tr\u00ecnh Xuy\u00ean L\u1ee5c \u0110\u1ecba T\u1eeb Ch\u00e2u \u00c1 C\u00f9ng JetVina<\/b><\/h3>\n<p><span style=\"font-weight: 400\">\u0110\u1ec3 tham d\u1ef1 ch\u1eb7ng \u0111ua t\u1ea1i Imola, ch\u1eb7ng bay t\u1eeb c\u00e1c trung t\u00e2m t\u00e0i ch\u00ednh Ch\u00e2u \u00c1 (Vi\u1ec7t Nam, Singapore, Hong Kong) \u0111\u1ebfn \u00dd \u0111\u00f2i h\u1ecfi s\u1ef1 chu\u1ea9n b\u1ecb k\u1ef9 l\u01b0\u1ee1ng v\u1ec1 ph\u01b0\u01a1ng ti\u1ec7n di chuy\u1ec3n. <\/span><b>JetVina<\/b><span style=\"font-weight: 400\"> cung c\u1ea5p gi\u1ea3i ph\u00e1p chuy\u00ean c\u01a1 si\u00eau t\u1ea7m xa (Ultra-Long Range), gi\u00fap <\/span><b>qu\u00fd kh\u00e1ch<\/b><span style=\"font-weight: 400\"> t\u1eadn h\u01b0\u1edfng h\u00e0nh tr\u00ecnh xuy\u00ean l\u1ee5c \u0111\u1ecba v\u1edbi s\u1ef1 tho\u1ea3i m\u00e1i t\u1ed1i \u0111a.<\/span><\/p>\n<h4><b>C\u00e1c d\u00f2ng chuy\u00ean c\u01a1 ph\u00f9 h\u1ee3p bay t\u1eeb Ch\u00e2u \u00c1:<\/b><\/h4>\n<p><span style=\"font-weight: 400\">V\u1edbi qu\u00e3ng \u0111\u01b0\u1eddng t\u1eeb Ch\u00e2u \u00c1 sang \u00dd, c\u00e1c d\u00f2ng m\u00e1y bay d\u01b0\u1edbi \u0111\u00e2y l\u00e0 l\u1ef1a ch\u1ecdn t\u1ed1i \u01b0u nh\u1edd t\u1ea7m bay l\u1edbn v\u00e0 cabin sang tr\u1ecdng:<\/span><\/p>\n<ul>\n<li style=\"font-weight: 400\"><b>Bombardier Global 7500 \/ 8000:<\/b><span style=\"font-weight: 400\"> \u0110\u01b0\u1ee3c m\u1ec7nh danh l\u00e0 &#8220;kh\u00e1ch s\u1ea1n tr\u00ean kh\u00f4ng&#8221;, v\u1edbi 4 kh\u00f4ng gian s\u1ed1ng ri\u00eang bi\u1ec7t v\u00e0 kh\u1ea3 n\u0103ng v\u1eadn h\u00e0nh \u00eam \u00e1i tr\u00ean nh\u1eefng ch\u1eb7ng bay d\u00e0i h\u01a1n 12 gi\u1edd.<\/span><\/li>\n<li style=\"font-weight: 400\"><b>Gulfstream G700 \/ G650ER:<\/b><span style=\"font-weight: 400\"> Bi\u1ec3u t\u01b0\u1ee3ng c\u1ee7a t\u1ed1c \u0111\u1ed9 v\u00e0 c\u00f4ng ngh\u1ec7 h\u00e0ng kh\u00f4ng hi\u1ec7n \u0111\u1ea1i, gi\u00fap <\/span><b>qu\u00fd kh\u00e1ch<\/b><span style=\"font-weight: 400\"> \u0111\u1ebfn Bologna nhanh ch\u00f3ng v\u1edbi h\u1ec7 th\u1ed1ng l\u00e0m s\u1ea1ch kh\u00f4ng kh\u00ed v\u00e0 chi\u1ebfu s\u00e1ng sinh h\u1ecdc gi\u1ea3m thi\u1ec3u m\u1ec7t m\u1ecfi (jet lag).<\/span><\/li>\n<li style=\"font-weight: 400\"><b>Dassault Falcon 10X:<\/b><span style=\"font-weight: 400\"> D\u00f2ng chuy\u00ean c\u01a1 th\u1ebf h\u1ec7 m\u1edbi v\u1edbi khoang cabin r\u1ed9ng nh\u1ea5t th\u1ebf gi\u1edbi, mang l\u1ea1i kh\u00f4ng gian l\u00e0m vi\u1ec7c v\u00e0 ngh\u1ec9 ng\u01a1i \u0111\u1eb3ng c\u1ea5p cho <\/span><b>qu\u00fd kh\u00e1ch<\/b><span style=\"font-weight: 400\">.<\/span><\/li>\n<\/ul>\n<p>&nbsp;<\/p>\n<figure id=\"attachment_10970\" aria-describedby=\"caption-attachment-10970\" style=\"width: 1600px\" class=\"wp-caption alignnone\"><img decoding=\"async\" class=\"size-full wp-image-10970\" src=\"https:\/\/jetvina.com\/wp-content\/uploads\/2024\/11\/458465396_8837834729664367_9152356620588000437_n.jpg\" alt=\"Vietnam Air Charter Company\" width=\"1600\" height=\"1200\" srcset=\"https:\/\/jetvina.com\/wp-content\/uploads\/2024\/11\/458465396_8837834729664367_9152356620588000437_n.jpg 1600w, https:\/\/jetvina.com\/wp-content\/uploads\/2024\/11\/458465396_8837834729664367_9152356620588000437_n-300x225.jpg 300w, https:\/\/jetvina.com\/wp-content\/uploads\/2024\/11\/458465396_8837834729664367_9152356620588000437_n-1024x768.jpg 1024w, https:\/\/jetvina.com\/wp-content\/uploads\/2024\/11\/458465396_8837834729664367_9152356620588000437_n-768x576.jpg 768w, https:\/\/jetvina.com\/wp-content\/uploads\/2024\/11\/458465396_8837834729664367_9152356620588000437_n-1536x1152.jpg 1536w\" sizes=\"(max-width: 1600px) 100vw, 1600px\" \/><figcaption id=\"caption-attachment-10970\" class=\"wp-caption-text\">Vietnam Air Charter Company<\/figcaption><\/figure>\n<p>&nbsp;<\/p>\n<h4><b>H\u1ec7 th\u1ed1ng s\u00e2n bay ti\u1ebfp nh\u1eadn:<\/b><\/h4>\n<p><span style=\"font-weight: 400\">S\u1ef1 ki\u1ec7n di\u1ec5n ra t\u1ea1i Imola c\u00f3 th\u1ec3 ti\u1ebfp c\u1eadn thu\u1eadn ti\u1ec7n qua c\u00e1c s\u00e2n bay chuy\u00ean d\u1ee5ng cho h\u00e0ng kh\u00f4ng t\u01b0 nh\u00e2n:<\/span><\/p>\n<ul>\n<li style=\"font-weight: 400\"><b>S\u00e2n bay Bologna Guglielmo Marconi (BLQ):<\/b><span style=\"font-weight: 400\"> C\u00e1ch \u0111\u01b0\u1eddng \u0111ua Imola kho\u1ea3ng 40km, l\u00e0 c\u1eeda ng\u00f5 ch\u00ednh v\u1edbi \u0111\u1ea7y \u0111\u1ee7 c\u01a1 s\u1edf h\u1ea1 t\u1ea7ng FBO (nh\u00e0 ga VIP) ph\u1ee5c v\u1ee5 chuy\u00ean c\u01a1.<\/span><\/li>\n<li style=\"font-weight: 400\"><b>S\u00e2n bay Forl\u00ec (FRL):<\/b><span style=\"font-weight: 400\"> C\u00e1ch \u0111\u01b0\u1eddng \u0111ua ch\u1ec9 kho\u1ea3ng 30km, l\u00e0 l\u1ef1a ch\u1ecdn l\u00fd t\u01b0\u1edfng cho nh\u1eefng <\/span><b>qu\u00fd kh\u00e1ch<\/b><span style=\"font-weight: 400\"> mu\u1ed1n s\u1ef1 y\u00ean t\u0129nh, k\u00edn \u0111\u00e1o v\u00e0 th\u1eddi gian di chuy\u1ec3n b\u1eb1ng \u0111\u01b0\u1eddng b\u1ed9 ng\u1eafn nh\u1ea5t \u0111\u1ebfn m\u1ea1ch \u0111ua.<\/span><\/li>\n<li style=\"font-weight: 400\"><b>S\u00e2n bay Rimini (RMI):<\/b><span style=\"font-weight: 400\"> Ph\u00f9 h\u1ee3p n\u1ebfu <\/span><b>qu\u00fd kh\u00e1ch<\/b><span style=\"font-weight: 400\"> mu\u1ed1n k\u1ebft h\u1ee3p xem gi\u1ea3i \u0111ua v\u1edbi h\u00e0nh tr\u00ecnh ngh\u1ec9 d\u01b0\u1ee1ng d\u1ecdc b\u1edd bi\u1ec3n Adriatic th\u01a1 m\u1ed9ng.<\/span><\/li>\n<\/ul>\n<h3><b>3. L\u01b0u Tr\u00fa V\u00e0 Tr\u1ea3i Nghi\u1ec7m Th\u01b0\u1ee3ng L\u01b0u T\u1ea1i V\u00f9ng &#8220;Thung L\u0169ng T\u1ed1c \u0110\u1ed9&#8221;<\/b><\/h3>\n<p><span style=\"font-weight: 400\">V\u00f9ng Emilia-Romagna kh\u00f4ng ch\u1ec9 c\u00f3 \u0111ua xe, n\u01a1i \u0111\u00e2y c\u00f2n \u0111\u01b0\u1ee3c bi\u1ebft \u0111\u1ebfn l\u00e0 &#8220;Thung l\u0169ng \u0111\u1ed9ng c\u01a1&#8221; (Motor Valley) v\u00e0 th\u1ee7 ph\u1ee7 \u1ea9m th\u1ef1c c\u1ee7a n\u01b0\u1edbc \u00dd.<\/span><\/p>\n<ul>\n<li style=\"font-weight: 400\"><b>L\u01b0u tr\u00fa \u0111\u1eb3ng c\u1ea5p:<\/b>\n<ul>\n<li style=\"font-weight: 400\"><b>Grand Hotel Majestic &#8220;gi\u00e0 Baglioni&#8221; (Bologna):<\/b><span style=\"font-weight: 400\"> Kh\u00e1ch s\u1ea1n sang tr\u1ecdng b\u1eadc nh\u1ea5t n\u1eb1m trong m\u1ed9t cung \u0111i\u1ec7n c\u1ed5 t\u1ea1i trung t\u00e2m Bologna, mang l\u1ea1i tr\u1ea3i nghi\u1ec7m qu\u00fd t\u1ed9c th\u1ef1c th\u1ee5.<\/span><\/li>\n<li style=\"font-weight: 400\"><b>Palazzo Varignana Resort &amp; SPA:<\/b><span style=\"font-weight: 400\"> Khu ngh\u1ec9 d\u01b0\u1ee1ng bi\u1ec7t l\u1eadp g\u1ea7n Imola, n\u1ed5i ti\u1ebfng v\u1edbi d\u1ecbch v\u1ee5 ch\u0103m s\u00f3c s\u1ee9c kh\u1ecfe cao c\u1ea5p v\u00e0 nh\u1eefng v\u01b0\u1eddn \u00f4 liu tr\u1ea3i d\u00e0i.<\/span><\/li>\n<\/ul>\n<\/li>\n<\/ul>\n<p>&nbsp;<\/p>\n<figure id=\"attachment_20838\" aria-describedby=\"caption-attachment-20838\" style=\"width: 1024px\" class=\"wp-caption aligncenter\"><img decoding=\"async\" class=\"size-full wp-image-20838\" src=\"https:\/\/jetvina.com\/wp-content\/uploads\/2026\/05\/Palazzo-Varignana-Resort-SPA.jpg\" alt=\"\" width=\"1024\" height=\"683\" srcset=\"https:\/\/jetvina.com\/wp-content\/uploads\/2026\/05\/Palazzo-Varignana-Resort-SPA.jpg 1024w, https:\/\/jetvina.com\/wp-content\/uploads\/2026\/05\/Palazzo-Varignana-Resort-SPA-300x200.jpg 300w, https:\/\/jetvina.com\/wp-content\/uploads\/2026\/05\/Palazzo-Varignana-Resort-SPA-768x512.jpg 768w\" sizes=\"(max-width: 1024px) 100vw, 1024px\" \/><figcaption id=\"caption-attachment-20838\" class=\"wp-caption-text\">Palazzo Varignana Resort &amp; SPA<\/figcaption><\/figure>\n<p>&nbsp;<\/p>\n<ul>\n<li style=\"font-weight: 400\"><b>Tham quan v\u00e0 tr\u1ea3i nghi\u1ec7m:<\/b>\n<ul>\n<li style=\"font-weight: 400\"><b>Motor Valley Tour:<\/b><span style=\"font-weight: 400\"> JetVina h\u1ed7 tr\u1ee3 s\u1eafp x\u1ebfp c\u00e1c chuy\u1ebfn th\u0103m quan ri\u00eang bi\u1ec7t (Private Tour) t\u1ea1i b\u1ea3o t\u00e0ng v\u00e0 nh\u00e0 m\u00e1y c\u1ee7a c\u00e1c th\u01b0\u01a1ng hi\u1ec7u si\u00eau xe danh ti\u1ebfng nh\u01b0 <\/span><b>Ferrari (t\u1ea1i Maranello), Lamborghini v\u00e0 Pagani<\/b><span style=\"font-weight: 400\">.<\/span><\/li>\n<li style=\"font-weight: 400\"><b>Tinh hoa \u1ea9m th\u1ef1c:<\/b><span style=\"font-weight: 400\"> Tr\u1ea3i nghi\u1ec7m b\u1eefa t\u1ed1i t\u1ea1i nh\u00e0 h\u00e0ng 3 sao Michelin \u2013 <\/span><i><span style=\"font-weight: 400\">Osteria Francescana<\/span><\/i><span style=\"font-weight: 400\"> c\u1ee7a \u0111\u1ea7u b\u1ebfp l\u1eebng danh Massimo Bottura t\u1ea1i Modena.<\/span><\/li>\n<li style=\"font-weight: 400\"><b>Mua s\u1eafm h\u00e0ng hi\u1ec7u:<\/b><span style=\"font-weight: 400\"> Gh\u00e9 th\u0103m c\u00e1c boutique th\u1eddi trang cao c\u1ea5p t\u1ea1i Milan ho\u1eb7c Florence, ch\u1ec9 c\u00e1ch khu v\u1ef1c Imola m\u1ed9t ch\u1eb7ng di chuy\u1ec3n ng\u1eafn b\u1eb1ng xe Limousine ho\u1eb7c tr\u1ef1c th\u0103ng.<\/span><\/li>\n<\/ul>\n<\/li>\n<\/ul>\n<p>&nbsp;<\/p>\n<h3><b>4. \u0110\u1eb7c Quy\u1ec1n Khi Bay C\u00f9ng JetVina<\/b><\/h3>\n<p><span style=\"font-weight: 400\">T\u1ea1i JetVina, ch\u00fang t\u00f4i hi\u1ec3u r\u1eb1ng th\u1eddi gian v\u00e0 s\u1ef1 ri\u00eang t\u01b0 c\u1ee7a <\/span><b>qu\u00fd kh\u00e1ch<\/b><span style=\"font-weight: 400\"> l\u00e0 v\u00f4 gi\u00e1:<\/span><\/p>\n<ul>\n<li style=\"font-weight: 400\"><b>L\u1ecbch tr\u00ecnh linh ho\u1ea1t:<\/b> <b>Qu\u00fd kh\u00e1ch<\/b><span style=\"font-weight: 400\"> c\u00f3 th\u1ec3 kh\u1edfi h\u00e0nh v\u00e0o b\u1ea5t k\u1ef3 th\u1eddi \u0111i\u1ec3m n\u00e0o, tr\u00e1nh ho\u00e0n to\u00e0n s\u1ef1 \u0111\u00f4ng \u0111\u00fac v\u00e0 ch\u1eadm tr\u1ec5 c\u1ee7a c\u00e1c chuy\u1ebfn bay th\u01b0\u01a1ng m\u1ea1i trong tu\u1ea7n l\u1ec5 s\u1ef1 ki\u1ec7n.<\/span><\/li>\n<li style=\"font-weight: 400\"><b>D\u1ecbch v\u1ee5 m\u1eb7t \u0111\u1ea5t kh\u00e9p k\u00edn:<\/b><span style=\"font-weight: 400\"> Xe Limousine ho\u1eb7c tr\u1ef1c th\u0103ng \u0111\u01b0a \u0111\u00f3n tr\u1ef1c ti\u1ebfp t\u1eeb s\u00e2n bay \u0111\u1ebfn khu v\u1ef1c \u0111\u01b0\u1eddng \u0111ua ho\u1eb7c kh\u00e1ch s\u1ea1n.<\/span><\/li>\n<li style=\"font-weight: 400\"><b>An to\u00e0n v\u00e0 B\u1ea3o m\u1eadt:<\/b><span style=\"font-weight: 400\"> Tu\u00e2n th\u1ee7 c\u00e1c ti\u00eau chu\u1ea9n an to\u00e0n h\u00e0ng kh\u00f4ng kh\u1eaft khe nh\u1ea5t to\u00e0n c\u1ea7u, \u0111\u1ea3m b\u1ea3o h\u00e0nh tr\u00ecnh c\u1ee7a <\/span><b>qu\u00fd kh\u00e1ch<\/b><span style=\"font-weight: 400\"> lu\u00f4n trong tr\u1ea1ng th\u00e1i t\u1ed1t nh\u1ea5t.<\/span><\/li>\n<\/ul>\n<p><b>F1 Imola Grand Prix 2026<\/b><span style=\"font-weight: 400\"> l\u00e0 \u0111i\u1ec3m \u0111\u1ebfn kh\u00f4ng th\u1ec3 b\u1ecf qua \u0111\u1ed1i v\u1edbi gi\u1edbi th\u01b0\u1ee3ng l\u01b0u y\u00eau th\u00edch t\u1ed1c \u0111\u1ed9. \u0110\u1ec3 \u0111\u1ea3m b\u1ea3o c\u00f3 \u0111\u01b0\u1ee3c c\u00e1c slot h\u1ea1 c\u00e1nh v\u00e0 v\u1ecb tr\u00ed \u0111\u1eadu m\u00e1y bay \u01b0u ti\u00ean t\u1ea1i Bologna ho\u1eb7c Forl\u00ec trong tu\u1ea7n l\u1ec5 cao \u0111i\u1ec3m, <\/span><b>qu\u00fd kh\u00e1ch<\/b><span style=\"font-weight: 400\"> vui l\u00f2ng li\u00ean h\u1ec7 s\u1edbm v\u1edbi JetVina \u0111\u1ec3 \u0111\u01b0\u1ee3c ph\u1ee5c v\u1ee5 chu \u0111\u00e1o nh\u1ea5t.<\/span><\/p>\n<p><b>Li\u00ean h\u1ec7 v\u1edbi \u0111\u1ed9i ng\u0169 chuy\u00ean gia c\u1ee7a JetVina ngay h\u00f4m nay \u0111\u1ec3 \u0111\u01b0\u1ee3c t\u01b0 v\u1ea5n v\u00e0 l\u00ean k\u1ebf ho\u1ea1ch cho h\u00e0nh tr\u00ecnh bay \u0111\u1ebfn Th\u00e1i Lan c\u1ee7a qu\u00fd kh\u00e1ch.<\/b><\/p>\n<p>&nbsp;<\/p>\n<p><span style=\"font-weight: 400\">JetVina l\u00e0 c\u00f4ng ty chuy\u00ean bi\u1ec7t trong l\u0129nh v\u1ef1c h\u00e0ng kh\u00f4ng t\u01b0 nh\u00e2n, cung c\u1ea5p gi\u1ea3i ph\u00e1p m\u00e1y bay ri\u00eang v\u00e0 d\u1ecbch v\u1ee5 bay chuy\u00ean c\u01a1 v\u1edbi tr\u1ee5 s\u1edf t\u1ea1i Vi\u1ec7t Nam. Ch\u00fang t\u00f4i s\u1edf h\u1eefu m\u1ea1ng l\u01b0\u1edbi t\u00e0u bay r\u1ed9ng kh\u1eafp tr\u00ean to\u00e0n th\u1ebf gi\u1edbi, bao g\u1ed3m Vi\u1ec7t Nam, \u0110\u00f4ng Nam \u00c1, Ch\u00e2u \u00c1 v\u00e0 nhi\u1ec1u khu v\u1ef1c qu\u1ed1c t\u1ebf kh\u00e1c.<\/span><\/p>\n<p><span style=\"font-weight: 400\">\u0110\u1ec3 \u0111\u01b0\u1ee3c t\u01b0 v\u1ea5n chi ti\u1ebft v\u1ec1 lo\u1ea1i t\u00e0u bay ph\u00f9 h\u1ee3p, l\u1ecbch tr\u00ecnh, chi ph\u00ed hay c\u00e1c d\u1ecbch v\u1ee5 bay chuy\u00ean c\u01a1 theo y\u00eau c\u1ea7u, kh\u00e1ch h\u00e0ng c\u00f3 th\u1ec3 li\u00ean h\u1ec7 JetVina qua <\/span><b>WhatsApp\/\u0110i\u1ec7n tho\u1ea1i\/Zalo:<\/b><a href=\"https:\/\/wa.me\/84396919611\"> <b>+84 396 919 611<\/b><\/a> <span style=\"font-weight: 400\">\u00a0ho\u1eb7c <\/span><b>email: <\/b><b>flights@jetvina.com<\/b><span style=\"font-weight: 400\">.<\/span><\/p>\n<p><i><span style=\"font-weight: 400\">Qu\u00fd kh\u00e1ch vui l\u00f2ng g\u1eedi y\u00eau c\u1ea7u thu\u00ea m\u00e1y bay, chuy\u00ean c\u01a1 \u0111\u1ec3 nh\u1eadn b\u00e1o gi\u00e1 t\u1eeb JetVina:<\/span><\/i><\/p>\n<blockquote class=\"wp-embedded-content\" data-secret=\"8kaa5gyZoA\"><p><a href=\"https:\/\/jetvina.com\/request-a-quote\/\">Book Charter Flight<\/a><\/p><\/blockquote>\n<p><iframe class=\"wp-embedded-content\" sandbox=\"allow-scripts\" security=\"restricted\" style=\"position: absolute; clip: rect(1px, 1px, 1px, 1px);\" title=\"&#8220;Book Charter Flight&#8221; &#8212; JetVina | Air Charter Service Platform\" src=\"https:\/\/jetvina.com\/request-a-quote\/embed\/#?secret=ptH0MbFFTc#?secret=8kaa5gyZoA\" data-secret=\"8kaa5gyZoA\" width=\"600\" height=\"338\" frameborder=\"0\" marginwidth=\"0\" marginheight=\"0\" scrolling=\"no\"><\/iframe><\/p>\n","protected":false},"excerpt":{"rendered":"<p>Gi\u1ea3i \u0111ua xe c\u00f4ng th\u1ee9c 1 Imola Grand Prix (hay c\u00f2n g\u1ecdi l\u00e0 Emilia-Romagna Grand Prix) l\u00e0 m\u1ed9t trong nh\u1eefng ch\u1eb7ng \u0111ua mang t\u00ednh bi\u1ec3u t\u01b0\u1ee3ng nh\u1ea5t trong l\u1ecbch s\u1eed F1. Di\u1ec5n ra t\u1ea1i \u0111\u01b0\u1eddng \u0111ua huy\u1ec1n tho\u1ea1i Autodromo Enzo e Dino Ferrari, \u0111\u00e2y kh\u00f4ng ch\u1ec9 l\u00e0 m\u1ed9t cu\u1ed9c \u0111ua t\u1ed1c \u0111\u1ed9 m\u00e0 c\u00f2n l\u00e0 [&hellip;]<\/p>\n","protected":false},"author":2,"featured_media":20843,"comment_status":"closed","ping_status":"closed","sticky":false,"template":"","format":"standard","meta":{"footnotes":""},"categories":[241,240,104],"tags":[],"blocksy_meta":[],"acf":[],"yoast_head":"<!-- This site is optimized with the Yoast SEO Premium plugin v20.4 (Yoast SEO v20.4) - https:\/\/yoast.com\/wordpress\/plugins\/seo\/ -->\n<title>F1 IMOLA GRAND PRIX 2026: H\u00c0NH TR\u00ccNH \u0110\u1ebeN \u00dd C\u00d9NG CHUY\u00caN C\u01a0 RI\u00caNG JETVINA - JetVina | Air Charter Service Platform<\/title>\n<meta name=\"robots\" content=\"index, follow, max-snippet:-1, max-image-preview:large, max-video-preview:-1\" \/>\n<link rel=\"canonical\" href=\"https:\/\/jetvina.com\/vi\/f1-imola-grand-prix-2026-hanh-trinh-den-y-cung-chuyen-co-rieng-jetvina\/\" \/>\n<meta property=\"og:locale\" content=\"vi_VN\" \/>\n<meta property=\"og:type\" content=\"article\" \/>\n<meta property=\"og:title\" content=\"F1 IMOLA GRAND PRIX 2026: H\u00c0NH TR\u00ccNH \u0110\u1ebeN \u00dd C\u00d9NG CHUY\u00caN C\u01a0 RI\u00caNG JETVINA\" \/>\n<meta property=\"og:description\" content=\"Gi\u1ea3i \u0111ua xe c\u00f4ng th\u1ee9c 1 Imola Grand Prix (hay c\u00f2n g\u1ecdi l\u00e0 Emilia-Romagna Grand Prix) l\u00e0 m\u1ed9t trong nh\u1eefng ch\u1eb7ng \u0111ua mang t\u00ednh bi\u1ec3u t\u01b0\u1ee3ng nh\u1ea5t trong l\u1ecbch s\u1eed F1. Di\u1ec5n ra t\u1ea1i \u0111\u01b0\u1eddng \u0111ua huy\u1ec1n tho\u1ea1i Autodromo Enzo e Dino Ferrari, \u0111\u00e2y kh\u00f4ng ch\u1ec9 l\u00e0 m\u1ed9t cu\u1ed9c \u0111ua t\u1ed1c \u0111\u1ed9 m\u00e0 c\u00f2n l\u00e0 [&hellip;]\" \/>\n<meta property=\"og:url\" content=\"https:\/\/jetvina.com\/vi\/f1-imola-grand-prix-2026-hanh-trinh-den-y-cung-chuyen-co-rieng-jetvina\/\" \/>\n<meta property=\"og:site_name\" content=\"JetVina | Air Charter Service Platform\" \/>\n<meta property=\"article:published_time\" content=\"2026-05-01T02:01:19+00:00\" \/>\n<meta property=\"og:image\" content=\"https:\/\/jetvina.com\/wp-content\/uploads\/2026\/05\/F1-race-start.webp\" \/>\n\t<meta property=\"og:image:width\" content=\"1600\" \/>\n\t<meta property=\"og:image:height\" content=\"900\" \/>\n\t<meta property=\"og:image:type\" content=\"image\/webp\" \/>\n<meta name=\"author\" content=\"Nhungtt\" \/>\n<meta name=\"twitter:card\" content=\"summary_large_image\" \/>\n<meta name=\"twitter:label1\" content=\"Written by\" \/>\n\t<meta name=\"twitter:data1\" content=\"Nhungtt\" \/>\n\t<meta name=\"twitter:label2\" content=\"Est. reading time\" \/>\n\t<meta name=\"twitter:data2\" content=\"6 minutes\" \/>\n<script type=\"application\/ld+json\" class=\"yoast-schema-graph\">{\"@context\":\"https:\/\/schema.org\",\"@graph\":[{\"@type\":\"Article\",\"@id\":\"https:\/\/jetvina.com\/vi\/f1-imola-grand-prix-2026-hanh-trinh-den-y-cung-chuyen-co-rieng-jetvina\/#article\",\"isPartOf\":{\"@id\":\"https:\/\/jetvina.com\/vi\/f1-imola-grand-prix-2026-hanh-trinh-den-y-cung-chuyen-co-rieng-jetvina\/\"},\"author\":{\"name\":\"Nhungtt\",\"@id\":\"https:\/\/jetvina.com\/#\/schema\/person\/f15cb6c59f37b45d95ce27bc461a4946\"},\"headline\":\"F1 IMOLA GRAND PRIX 2026: H\u00c0NH TR\u00ccNH \u0110\u1ebeN \u00dd C\u00d9NG CHUY\u00caN C\u01a0 RI\u00caNG JETVINA\",\"datePublished\":\"2026-05-01T02:01:19+00:00\",\"dateModified\":\"2026-05-01T02:01:19+00:00\",\"mainEntityOfPage\":{\"@id\":\"https:\/\/jetvina.com\/vi\/f1-imola-grand-prix-2026-hanh-trinh-den-y-cung-chuyen-co-rieng-jetvina\/\"},\"wordCount\":1564,\"publisher\":{\"@id\":\"https:\/\/jetvina.com\/#organization\"},\"articleSection\":[\"\u0110i\u00ea\u0309m \u0110\u00ea\u0301n\",\"Ha\u0300ng Kh\u00f4ng T\u01b0 Nh\u00e2n Vi\u00ea\u0323t Nam\",\"Tin t\u01b0\u0301c\"],\"inLanguage\":\"vi-VN\"},{\"@type\":\"WebPage\",\"@id\":\"https:\/\/jetvina.com\/vi\/f1-imola-grand-prix-2026-hanh-trinh-den-y-cung-chuyen-co-rieng-jetvina\/\",\"url\":\"https:\/\/jetvina.com\/vi\/f1-imola-grand-prix-2026-hanh-trinh-den-y-cung-chuyen-co-rieng-jetvina\/\",\"name\":\"F1 IMOLA GRAND PRIX 2026: H\u00c0NH TR\u00ccNH \u0110\u1ebeN \u00dd C\u00d9NG CHUY\u00caN C\u01a0 RI\u00caNG JETVINA - JetVina | Air Charter Service Platform\",\"isPartOf\":{\"@id\":\"https:\/\/jetvina.com\/#website\"},\"datePublished\":\"2026-05-01T02:01:19+00:00\",\"dateModified\":\"2026-05-01T02:01:19+00:00\",\"breadcrumb\":{\"@id\":\"https:\/\/jetvina.com\/vi\/f1-imola-grand-prix-2026-hanh-trinh-den-y-cung-chuyen-co-rieng-jetvina\/#breadcrumb\"},\"inLanguage\":\"vi-VN\",\"potentialAction\":[{\"@type\":\"ReadAction\",\"target\":[\"https:\/\/jetvina.com\/vi\/f1-imola-grand-prix-2026-hanh-trinh-den-y-cung-chuyen-co-rieng-jetvina\/\"]}]},{\"@type\":\"BreadcrumbList\",\"@id\":\"https:\/\/jetvina.com\/vi\/f1-imola-grand-prix-2026-hanh-trinh-den-y-cung-chuyen-co-rieng-jetvina\/#breadcrumb\",\"itemListElement\":[{\"@type\":\"ListItem\",\"position\":1,\"name\":\"Home\",\"item\":\"https:\/\/jetvina.com\/\"},{\"@type\":\"ListItem\",\"position\":2,\"name\":\"F1 IMOLA GRAND PRIX 2026: H\u00c0NH TR\u00ccNH \u0110\u1ebeN \u00dd C\u00d9NG CHUY\u00caN C\u01a0 RI\u00caNG JETVINA\"}]},{\"@type\":\"WebSite\",\"@id\":\"https:\/\/jetvina.com\/#website\",\"url\":\"https:\/\/jetvina.com\/\",\"name\":\"JetVina | Air Charter Service Platform\",\"description\":\"Air Charter Solution | Private Jet | Aircraft Acquisition | Air Cargo\",\"publisher\":{\"@id\":\"https:\/\/jetvina.com\/#organization\"},\"potentialAction\":[{\"@type\":\"SearchAction\",\"target\":{\"@type\":\"EntryPoint\",\"urlTemplate\":\"https:\/\/jetvina.com\/?s={search_term_string}\"},\"query-input\":\"required name=search_term_string\"}],\"inLanguage\":\"vi-VN\"},{\"@type\":\"Organization\",\"@id\":\"https:\/\/jetvina.com\/#organization\",\"name\":\"JetVina | Air Charter Service Platform\",\"url\":\"https:\/\/jetvina.com\/\",\"logo\":{\"@type\":\"ImageObject\",\"inLanguage\":\"vi-VN\",\"@id\":\"https:\/\/jetvina.com\/#\/schema\/logo\/image\/\",\"url\":\"https:\/\/jetvina.com\/wp-content\/uploads\/2024\/08\/1.png\",\"contentUrl\":\"https:\/\/jetvina.com\/wp-content\/uploads\/2024\/08\/1.png\",\"width\":800,\"height\":510,\"caption\":\"JetVina | Air Charter Service Platform\"},\"image\":{\"@id\":\"https:\/\/jetvina.com\/#\/schema\/logo\/image\/\"}},{\"@type\":\"Person\",\"@id\":\"https:\/\/jetvina.com\/#\/schema\/person\/f15cb6c59f37b45d95ce27bc461a4946\",\"name\":\"Nhungtt\",\"image\":{\"@type\":\"ImageObject\",\"inLanguage\":\"vi-VN\",\"@id\":\"https:\/\/jetvina.com\/#\/schema\/person\/image\/\",\"url\":\"https:\/\/secure.gravatar.com\/avatar\/935f65843beb4240fd4d67dd0c0731f6?s=96&d=mm&r=g\",\"contentUrl\":\"https:\/\/secure.gravatar.com\/avatar\/935f65843beb4240fd4d67dd0c0731f6?s=96&d=mm&r=g\",\"caption\":\"Nhungtt\"},\"url\":\"https:\/\/jetvina.com\/vi\/author\/nhungtt\/\"}]}<\/script>\n<!-- \/ Yoast SEO Premium plugin. -->","yoast_head_json":{"title":"F1 IMOLA GRAND PRIX 2026: H\u00c0NH TR\u00ccNH \u0110\u1ebeN \u00dd C\u00d9NG CHUY\u00caN C\u01a0 RI\u00caNG JETVINA - JetVina | Air Charter Service Platform","robots":{"index":"index","follow":"follow","max-snippet":"max-snippet:-1","max-image-preview":"max-image-preview:large","max-video-preview":"max-video-preview:-1"},"canonical":"https:\/\/jetvina.com\/vi\/f1-imola-grand-prix-2026-hanh-trinh-den-y-cung-chuyen-co-rieng-jetvina\/","og_locale":"vi_VN","og_type":"article","og_title":"F1 IMOLA GRAND PRIX 2026: H\u00c0NH TR\u00ccNH \u0110\u1ebeN \u00dd C\u00d9NG CHUY\u00caN C\u01a0 RI\u00caNG JETVINA","og_description":"Gi\u1ea3i \u0111ua xe c\u00f4ng th\u1ee9c 1 Imola Grand Prix (hay c\u00f2n g\u1ecdi l\u00e0 Emilia-Romagna Grand Prix) l\u00e0 m\u1ed9t trong nh\u1eefng ch\u1eb7ng \u0111ua mang t\u00ednh bi\u1ec3u t\u01b0\u1ee3ng nh\u1ea5t trong l\u1ecbch s\u1eed F1. Di\u1ec5n ra t\u1ea1i \u0111\u01b0\u1eddng \u0111ua huy\u1ec1n tho\u1ea1i Autodromo Enzo e Dino Ferrari, \u0111\u00e2y kh\u00f4ng ch\u1ec9 l\u00e0 m\u1ed9t cu\u1ed9c \u0111ua t\u1ed1c \u0111\u1ed9 m\u00e0 c\u00f2n l\u00e0 [&hellip;]","og_url":"https:\/\/jetvina.com\/vi\/f1-imola-grand-prix-2026-hanh-trinh-den-y-cung-chuyen-co-rieng-jetvina\/","og_site_name":"JetVina | Air Charter Service Platform","article_published_time":"2026-05-01T02:01:19+00:00","og_image":[{"width":1600,"height":900,"url":"https:\/\/jetvina.com\/wp-content\/uploads\/2026\/05\/F1-race-start.webp","type":"image\/webp"}],"author":"Nhungtt","twitter_card":"summary_large_image","twitter_misc":{"Written by":"Nhungtt","Est. reading time":"6 minutes"},"schema":{"@context":"https:\/\/schema.org","@graph":[{"@type":"Article","@id":"https:\/\/jetvina.com\/vi\/f1-imola-grand-prix-2026-hanh-trinh-den-y-cung-chuyen-co-rieng-jetvina\/#article","isPartOf":{"@id":"https:\/\/jetvina.com\/vi\/f1-imola-grand-prix-2026-hanh-trinh-den-y-cung-chuyen-co-rieng-jetvina\/"},"author":{"name":"Nhungtt","@id":"https:\/\/jetvina.com\/#\/schema\/person\/f15cb6c59f37b45d95ce27bc461a4946"},"headline":"F1 IMOLA GRAND PRIX 2026: H\u00c0NH TR\u00ccNH \u0110\u1ebeN \u00dd C\u00d9NG CHUY\u00caN C\u01a0 RI\u00caNG JETVINA","datePublished":"2026-05-01T02:01:19+00:00","dateModified":"2026-05-01T02:01:19+00:00","mainEntityOfPage":{"@id":"https:\/\/jetvina.com\/vi\/f1-imola-grand-prix-2026-hanh-trinh-den-y-cung-chuyen-co-rieng-jetvina\/"},"wordCount":1564,"publisher":{"@id":"https:\/\/jetvina.com\/#organization"},"articleSection":["\u0110i\u00ea\u0309m \u0110\u00ea\u0301n","Ha\u0300ng Kh\u00f4ng T\u01b0 Nh\u00e2n Vi\u00ea\u0323t Nam","Tin t\u01b0\u0301c"],"inLanguage":"vi-VN"},{"@type":"WebPage","@id":"https:\/\/jetvina.com\/vi\/f1-imola-grand-prix-2026-hanh-trinh-den-y-cung-chuyen-co-rieng-jetvina\/","url":"https:\/\/jetvina.com\/vi\/f1-imola-grand-prix-2026-hanh-trinh-den-y-cung-chuyen-co-rieng-jetvina\/","name":"F1 IMOLA GRAND PRIX 2026: H\u00c0NH TR\u00ccNH \u0110\u1ebeN \u00dd C\u00d9NG CHUY\u00caN C\u01a0 RI\u00caNG JETVINA - JetVina | Air Charter Service Platform","isPartOf":{"@id":"https:\/\/jetvina.com\/#website"},"datePublished":"2026-05-01T02:01:19+00:00","dateModified":"2026-05-01T02:01:19+00:00","breadcrumb":{"@id":"https:\/\/jetvina.com\/vi\/f1-imola-grand-prix-2026-hanh-trinh-den-y-cung-chuyen-co-rieng-jetvina\/#breadcrumb"},"inLanguage":"vi-VN","potentialAction":[{"@type":"ReadAction","target":["https:\/\/jetvina.com\/vi\/f1-imola-grand-prix-2026-hanh-trinh-den-y-cung-chuyen-co-rieng-jetvina\/"]}]},{"@type":"BreadcrumbList","@id":"https:\/\/jetvina.com\/vi\/f1-imola-grand-prix-2026-hanh-trinh-den-y-cung-chuyen-co-rieng-jetvina\/#breadcrumb","itemListElement":[{"@type":"ListItem","position":1,"name":"Home","item":"https:\/\/jetvina.com\/"},{"@type":"ListItem","position":2,"name":"F1 IMOLA GRAND PRIX 2026: H\u00c0NH TR\u00ccNH \u0110\u1ebeN \u00dd C\u00d9NG CHUY\u00caN C\u01a0 RI\u00caNG JETVINA"}]},{"@type":"WebSite","@id":"https:\/\/jetvina.com\/#website","url":"https:\/\/jetvina.com\/","name":"JetVina | Air Charter Service Platform","description":"Air Charter Solution | Private Jet | Aircraft Acquisition | Air Cargo","publisher":{"@id":"https:\/\/jetvina.com\/#organization"},"potentialAction":[{"@type":"SearchAction","target":{"@type":"EntryPoint","urlTemplate":"https:\/\/jetvina.com\/?s={search_term_string}"},"query-input":"required name=search_term_string"}],"inLanguage":"vi-VN"},{"@type":"Organization","@id":"https:\/\/jetvina.com\/#organization","name":"JetVina | Air Charter Service Platform","url":"https:\/\/jetvina.com\/","logo":{"@type":"ImageObject","inLanguage":"vi-VN","@id":"https:\/\/jetvina.com\/#\/schema\/logo\/image\/","url":"https:\/\/jetvina.com\/wp-content\/uploads\/2024\/08\/1.png","contentUrl":"https:\/\/jetvina.com\/wp-content\/uploads\/2024\/08\/1.png","width":800,"height":510,"caption":"JetVina | Air Charter Service Platform"},"image":{"@id":"https:\/\/jetvina.com\/#\/schema\/logo\/image\/"}},{"@type":"Person","@id":"https:\/\/jetvina.com\/#\/schema\/person\/f15cb6c59f37b45d95ce27bc461a4946","name":"Nhungtt","image":{"@type":"ImageObject","inLanguage":"vi-VN","@id":"https:\/\/jetvina.com\/#\/schema\/person\/image\/","url":"https:\/\/secure.gravatar.com\/avatar\/935f65843beb4240fd4d67dd0c0731f6?s=96&d=mm&r=g","contentUrl":"https:\/\/secure.gravatar.com\/avatar\/935f65843beb4240fd4d67dd0c0731f6?s=96&d=mm&r=g","caption":"Nhungtt"},"url":"https:\/\/jetvina.com\/vi\/author\/nhungtt\/"}]}},"_links":{"self":[{"href":"https:\/\/jetvina.com\/vi\/wp-json\/wp\/v2\/posts\/20836"}],"collection":[{"href":"https:\/\/jetvina.com\/vi\/wp-json\/wp\/v2\/posts"}],"about":[{"href":"https:\/\/jetvina.com\/vi\/wp-json\/wp\/v2\/types\/post"}],"author":[{"embeddable":true,"href":"https:\/\/jetvina.com\/vi\/wp-json\/wp\/v2\/users\/2"}],"replies":[{"embeddable":true,"href":"https:\/\/jetvina.com\/vi\/wp-json\/wp\/v2\/comments?post=20836"}],"version-history":[{"count":1,"href":"https:\/\/jetvina.com\/vi\/wp-json\/wp\/v2\/posts\/20836\/revisions"}],"predecessor-version":[{"id":20848,"href":"https:\/\/jetvina.com\/vi\/wp-json\/wp\/v2\/posts\/20836\/revisions\/20848"}],"wp:featuredmedia":[{"embeddable":true,"href":"https:\/\/jetvina.com\/vi\/wp-json\/wp\/v2\/media\/20843"}],"wp:attachment":[{"href":"https:\/\/jetvina.com\/vi\/wp-json\/wp\/v2\/media?parent=20836"}],"wp:term":[{"taxonomy":"category","embeddable":true,"href":"https:\/\/jetvina.com\/vi\/wp-json\/wp\/v2\/categories?post=20836"},{"taxonomy":"post_tag","embeddable":true,"href":"https:\/\/jetvina.com\/vi\/wp-json\/wp\/v2\/tags?post=20836"}],"curies":[{"name":"wp","href":"https:\/\/api.w.org\/{rel}","templated":true}]}}